{"id":117,"date":"2024-04-08T15:25:11","date_gmt":"2024-04-08T13:25:11","guid":{"rendered":"https:\/\/albali.lsi.uned.es\/wordpress\/index.php\/2024\/04\/08\/tifa-sterea-allada\/"},"modified":"2024-10-01T15:11:35","modified_gmt":"2024-10-01T13:11:35","slug":"tifa-sterea-allada","status":"publish","type":"post","link":"https:\/\/albali.lsi.uned.es\/arqueogriegos\/index.php\/2024\/04\/08\/tifa-sterea-allada\/","title":{"rendered":"TIFA &#8211; STEREA ALLADA"},"content":{"rendered":"<p>\u201cLos de Tifa tienen un Heracleo y celebran una fiesta  todos los a\u00f1os. \u00c9stos pretenden haber sido desde  antiguo los mejores marineros de Beocia, y recuerdan que Tifis, uno del lugar, fue elegido para ser piloto  de la nave Argo.\u201d  (Pausanias. Descripci\u00f3n de Grecia. Libro IX, 32, 4).<\/p>\n<p>En el golfo de Dombrena se encuentra la ciudad de Tifa o Sifai, en la actual \u0391\u03bb\u03c5\u03ba\u03ae. A ella se accede desde Leuctra, siguiendo la carretera que lleva a Ellopia y despu\u00e9s a Chironomi. Desde aqu\u00ed otra carretera nos lleva a Alik\u00ed. El yacimiento se encuentra en una colina junto a la costa de no muy f\u00e1cil acceso. Parece que puede atacarse por un camino que sube desde la costa hasta la parte trasera de la colina.<\/p>\n<p>En la acr\u00f3polis de Tifa se ha encontrado cer\u00e1mica de diferentes periodos de la prehistoria y de los tiempos hist\u00f3ricos, lo que demuestra una larga ocupaci\u00f3n del lugar. El periodo de esplendor parece que fue el siglo IV a.C., cuando se fortific\u00f3 la acr\u00f3polis y la ciudad baja al sur de la misma, y la \u00e9poca imperial. (s. I y II d.C.). Tifa era el puerto de los tespios y en ella, seg\u00fan dicen algunos, se construy\u00f3 el Argo. Aqu\u00ed, seg\u00fan nos dice Pausanias, hab\u00eda un Herakleion en donde se celebraba cada a\u00f1o una fiesta en honor a Heracles.<\/p>\n<p>La muralla se conserva en un buen estado, tanto en longitud como en altura, y est\u00e1 reforzada por seis torres. Est\u00e1 datada como perteneciente al siglo IV a.C. Se conservan tres puertas, de las cuales la principal est\u00e1 cerca de la playa.<\/p>\n\n\n<h2 class=\"wp-block-heading\">FOTOGRAF\u00cdAS<\/h2>\n\n\n\n<figure class=\"wp-block-gallery has-nested-images columns-default is-cropped wp-block-gallery-1 is-layout-flex wp-block-gallery-is-layout-flex\">\n<figure class=\"wp-block-image size-large\"><img loading=\"lazy\" decoding=\"async\" width=\"600\" height=\"450\" data-id=\"9607\" src=\"https:\/\/albali.lsi.uned.es\/arqueogriegos\/wp-content\/uploads\/2024\/04\/Diapo-11.2-Vista-aerea-de-la-fortaleza.jpg\" alt=\"\" class=\"wp-image-9607\"\/><\/figure>\n\n\n\n<figure class=\"wp-block-image size-large\"><img loading=\"lazy\" decoding=\"async\" width=\"2893\" height=\"1339\" data-id=\"9605\" src=\"https:\/\/albali.lsi.uned.es\/arqueogriegos\/wp-content\/uploads\/2024\/04\/Diapo-11.3-La-fortaleza.jpg\" alt=\"\" class=\"wp-image-9605\"\/><\/figure>\n\n\n\n<figure class=\"wp-block-image size-large\"><img loading=\"lazy\" decoding=\"async\" width=\"4217\" height=\"1669\" data-id=\"9606\" src=\"https:\/\/albali.lsi.uned.es\/arqueogriegos\/wp-content\/uploads\/2024\/04\/Diapo-11.4-La-fortaleza.jpg\" alt=\"\" class=\"wp-image-9606\"\/><\/figure>\n\n\n\n<figure class=\"wp-block-image size-large\"><img loading=\"lazy\" decoding=\"async\" width=\"4320\" height=\"3240\" data-id=\"9608\" src=\"https:\/\/albali.lsi.uned.es\/arqueogriegos\/wp-content\/uploads\/2024\/04\/Diapo-11.5-la-fortaleza.jpg\" alt=\"\" class=\"wp-image-9608\"\/><\/figure>\n\n\n\n<figure class=\"wp-block-image size-large\"><img loading=\"lazy\" decoding=\"async\" width=\"4320\" height=\"3240\" data-id=\"9609\" src=\"https:\/\/albali.lsi.uned.es\/arqueogriegos\/wp-content\/uploads\/2024\/04\/Diapo-11.6-La-fortaleza.jpg\" alt=\"\" class=\"wp-image-9609\"\/><\/figure>\n\n\n\n<figure class=\"wp-block-image size-large\"><img loading=\"lazy\" decoding=\"async\" width=\"4320\" height=\"3240\" data-id=\"9610\" src=\"https:\/\/albali.lsi.uned.es\/arqueogriegos\/wp-content\/uploads\/2024\/04\/Diapo-11.7-La-fortaleza.jpg\" alt=\"\" class=\"wp-image-9610\"\/><\/figure>\n\n\n\n<figure class=\"wp-block-image size-large\"><img loading=\"lazy\" decoding=\"async\" width=\"4320\" height=\"3240\" data-id=\"9611\" src=\"https:\/\/albali.lsi.uned.es\/arqueogriegos\/wp-content\/uploads\/2024\/04\/Diapo-11.8-La-puerta-principal.jpg\" alt=\"\" class=\"wp-image-9611\"\/><\/figure>\n\n\n\n<figure class=\"wp-block-image size-large\"><img loading=\"lazy\" decoding=\"async\" width=\"4320\" height=\"3240\" data-id=\"9612\" src=\"https:\/\/albali.lsi.uned.es\/arqueogriegos\/wp-content\/uploads\/2024\/04\/Diapo-11.9-Restos-sumergidos.jpg\" alt=\"\" class=\"wp-image-9612\"\/><\/figure>\n<\/figure>\n\n\n\n<hr class=\"wp-block-separator has-alpha-channel-opacity\"\/>\n\n\n\n<h2 class=\"wp-block-heading\">PLANOS<\/h2>\n\n\n\n<figure class=\"wp-block-gallery has-nested-images columns-default is-cropped wp-block-gallery-2 is-layout-flex wp-block-gallery-is-layout-flex\">\n<figure class=\"wp-block-image size-large\"><img loading=\"lazy\" decoding=\"async\" width=\"3220\" height=\"1962\" data-id=\"9604\" src=\"https:\/\/albali.lsi.uned.es\/arqueogriegos\/wp-content\/uploads\/2024\/04\/Diapo-11.1-Planta-general-del-yacimiento.jpg\" alt=\"\" class=\"wp-image-9604\"\/><\/figure>\n<\/figure>\n\n\n\n<p><\/p>\n","protected":false},"excerpt":{"rendered":"<p>\u201cLos de Tifa tienen un Heracleo y celebran una fiesta todos los a\u00f1os. \u00c9stos pretenden haber sido desde antiguo los mejores marineros de Beocia, y recuerdan que Tifis, uno del lugar, fue elegido para ser piloto de la nave Argo.\u201d (Pausanias. Descripci\u00f3n de Grecia. Libro IX, 32, 4). En el golfo de Dombrena se encuentra [&hellip;]<\/p>\n","protected":false},"author":1,"featured_media":9607,"comment_status":"open","ping_status":"open","sticky":false,"template":"","format":"standard","meta":{"footnotes":""},"categories":[5,11],"tags":[],"class_list":["post-117","post","type-post","status-publish","format-standard","has-post-thumbnail","hentry","category-sterea-allada","category-yacimiento"],"_links":{"self":[{"href":"https:\/\/albali.lsi.uned.es\/arqueogriegos\/index.php\/wp-json\/wp\/v2\/posts\/117","targetHints":{"allow":["GET"]}}],"collection":[{"href":"https:\/\/albali.lsi.uned.es\/arqueogriegos\/index.php\/wp-json\/wp\/v2\/posts"}],"about":[{"href":"https:\/\/albali.lsi.uned.es\/arqueogriegos\/index.php\/wp-json\/wp\/v2\/types\/post"}],"author":[{"embeddable":true,"href":"https:\/\/albali.lsi.uned.es\/arqueogriegos\/index.php\/wp-json\/wp\/v2\/users\/1"}],"replies":[{"embeddable":true,"href":"https:\/\/albali.lsi.uned.es\/arqueogriegos\/index.php\/wp-json\/wp\/v2\/comments?post=117"}],"version-history":[{"count":2,"href":"https:\/\/albali.lsi.uned.es\/arqueogriegos\/index.php\/wp-json\/wp\/v2\/posts\/117\/revisions"}],"predecessor-version":[{"id":9613,"href":"https:\/\/albali.lsi.uned.es\/arqueogriegos\/index.php\/wp-json\/wp\/v2\/posts\/117\/revisions\/9613"}],"wp:featuredmedia":[{"embeddable":true,"href":"https:\/\/albali.lsi.uned.es\/arqueogriegos\/index.php\/wp-json\/wp\/v2\/media\/9607"}],"wp:attachment":[{"href":"https:\/\/albali.lsi.uned.es\/arqueogriegos\/index.php\/wp-json\/wp\/v2\/media?parent=117"}],"wp:term":[{"taxonomy":"category","embeddable":true,"href":"https:\/\/albali.lsi.uned.es\/arqueogriegos\/index.php\/wp-json\/wp\/v2\/categories?post=117"},{"taxonomy":"post_tag","embeddable":true,"href":"https:\/\/albali.lsi.uned.es\/arqueogriegos\/index.php\/wp-json\/wp\/v2\/tags?post=117"}],"curies":[{"name":"wp","href":"https:\/\/api.w.org\/{rel}","templated":true}]}}