{"id":44,"date":"2024-04-08T15:25:08","date_gmt":"2024-04-08T13:25:08","guid":{"rendered":"https:\/\/albali.lsi.uned.es\/wordpress\/index.php\/2024\/04\/08\/methana-el-peloponeso\/"},"modified":"2024-10-01T12:58:40","modified_gmt":"2024-10-01T10:58:40","slug":"methana-el-peloponeso","status":"publish","type":"post","link":"https:\/\/albali.lsi.uned.es\/arqueogriegos\/index.php\/2024\/04\/08\/methana-el-peloponeso\/","title":{"rendered":"METHANA &#8211; EL PELOPONESO"},"content":{"rendered":"<p>\u201cEntre Trec\u00e9n y Epidauro hab\u00eda una plaza  fuerte natural llamada Metana.\u201d (Estrab\u00f3n. Geograf\u00eda. Libro VIII, 6,15.)<\/p>\n<p>(DESDE EL ASCLEPIEION DE EPIDAURO)  Se sale del Asclepieion y se toma la carretera en direcci\u00f3n Atenas\/Corinto. En un momento dado, un giro a izquierdas en lazo con paso inferior bajo la carretera nos lleva en direcci\u00f3n Ano Epidauros y Koliaki. Antes de llegar a Koliaki nos desviamos a la derecha en direcci\u00f3n Poros y Methana. Ya con direcci\u00f3n Methana, tomamos el desv\u00edo que va a Vathi y Megalochori\u00f3. El yacimiento est\u00e1 se\u00f1alizado a la entrada del pueblo de Vathi.<\/p>\n<p>En una peque\u00f1a elevaci\u00f3n del terreno, a las orillas del mar, se conservan restos de las murallas antiguas. En la edad media la fortificaci\u00f3n se restaur\u00f3. En efecto, algunos sectores son medievales y otros antiguos con sobreelevaciones sobrepuestas en la edad media.  Cuenta Pausanias que hab\u00eda un santuario de Isis y en el \u00e1gora una imagen de Hermes y otra de Heracles.<\/p>\n\n\n<h2 class=\"wp-block-heading\">FOTOGRAF\u00cdAS<\/h2>\n\n\n\n<figure class=\"wp-block-gallery has-nested-images columns-default is-cropped wp-block-gallery-1 is-layout-flex wp-block-gallery-is-layout-flex\">\n<figure class=\"wp-block-image size-large\"><img loading=\"lazy\" decoding=\"async\" width=\"2816\" height=\"2112\" data-id=\"7540\" src=\"https:\/\/albali.lsi.uned.es\/arqueogriegos\/wp-content\/uploads\/2024\/04\/Diapo-18.1-Acropolis.jpg\" alt=\"\" class=\"wp-image-7540\"\/><\/figure>\n\n\n\n<figure class=\"wp-block-image size-large\"><img loading=\"lazy\" decoding=\"async\" width=\"2816\" height=\"2112\" data-id=\"7541\" src=\"https:\/\/albali.lsi.uned.es\/arqueogriegos\/wp-content\/uploads\/2024\/04\/Diapo-18.2-Acropolis.jpg\" alt=\"\" class=\"wp-image-7541\"\/><\/figure>\n\n\n\n<figure class=\"wp-block-image size-large\"><img loading=\"lazy\" decoding=\"async\" width=\"2816\" height=\"2112\" data-id=\"7542\" src=\"https:\/\/albali.lsi.uned.es\/arqueogriegos\/wp-content\/uploads\/2024\/04\/Diapo-18.3-Acropolis.jpg\" alt=\"\" class=\"wp-image-7542\"\/><\/figure>\n\n\n\n<figure class=\"wp-block-image size-large\"><img loading=\"lazy\" decoding=\"async\" width=\"2816\" height=\"2112\" data-id=\"7543\" src=\"https:\/\/albali.lsi.uned.es\/arqueogriegos\/wp-content\/uploads\/2024\/04\/Diapo-18.4-Acropolis.jpg\" alt=\"\" class=\"wp-image-7543\"\/><\/figure>\n<\/figure>\n","protected":false},"excerpt":{"rendered":"<p>\u201cEntre Trec\u00e9n y Epidauro hab\u00eda una plaza fuerte natural llamada Metana.\u201d (Estrab\u00f3n. Geograf\u00eda. Libro VIII, 6,15.) (DESDE EL ASCLEPIEION DE EPIDAURO) Se sale del Asclepieion y se toma la carretera en direcci\u00f3n Atenas\/Corinto. En un momento dado, un giro a izquierdas en lazo con paso inferior bajo la carretera nos lleva en direcci\u00f3n Ano Epidauros [&hellip;]<\/p>\n","protected":false},"author":1,"featured_media":7540,"comment_status":"open","ping_status":"open","sticky":false,"template":"","format":"standard","meta":{"footnotes":""},"categories":[6,11],"tags":[],"class_list":["post-44","post","type-post","status-publish","format-standard","has-post-thumbnail","hentry","category-el-peloponeso","category-yacimiento"],"_links":{"self":[{"href":"https:\/\/albali.lsi.uned.es\/arqueogriegos\/index.php\/wp-json\/wp\/v2\/posts\/44","targetHints":{"allow":["GET"]}}],"collection":[{"href":"https:\/\/albali.lsi.uned.es\/arqueogriegos\/index.php\/wp-json\/wp\/v2\/posts"}],"about":[{"href":"https:\/\/albali.lsi.uned.es\/arqueogriegos\/index.php\/wp-json\/wp\/v2\/types\/post"}],"author":[{"embeddable":true,"href":"https:\/\/albali.lsi.uned.es\/arqueogriegos\/index.php\/wp-json\/wp\/v2\/users\/1"}],"replies":[{"embeddable":true,"href":"https:\/\/albali.lsi.uned.es\/arqueogriegos\/index.php\/wp-json\/wp\/v2\/comments?post=44"}],"version-history":[{"count":2,"href":"https:\/\/albali.lsi.uned.es\/arqueogriegos\/index.php\/wp-json\/wp\/v2\/posts\/44\/revisions"}],"predecessor-version":[{"id":7544,"href":"https:\/\/albali.lsi.uned.es\/arqueogriegos\/index.php\/wp-json\/wp\/v2\/posts\/44\/revisions\/7544"}],"wp:featuredmedia":[{"embeddable":true,"href":"https:\/\/albali.lsi.uned.es\/arqueogriegos\/index.php\/wp-json\/wp\/v2\/media\/7540"}],"wp:attachment":[{"href":"https:\/\/albali.lsi.uned.es\/arqueogriegos\/index.php\/wp-json\/wp\/v2\/media?parent=44"}],"wp:term":[{"taxonomy":"category","embeddable":true,"href":"https:\/\/albali.lsi.uned.es\/arqueogriegos\/index.php\/wp-json\/wp\/v2\/categories?post=44"},{"taxonomy":"post_tag","embeddable":true,"href":"https:\/\/albali.lsi.uned.es\/arqueogriegos\/index.php\/wp-json\/wp\/v2\/tags?post=44"}],"curies":[{"name":"wp","href":"https:\/\/api.w.org\/{rel}","templated":true}]}}